{"id":988,"date":"2018-10-07T14:37:08","date_gmt":"2018-10-07T12:37:08","guid":{"rendered":"http:\/\/snl78.org\/?p=988"},"modified":"2018-10-11T21:06:19","modified_gmt":"2018-10-11T19:06:19","slug":"samedi-17-novembre-nouvel-atelier-leco-c-quoi","status":"publish","type":"post","link":"https:\/\/snl78.org\/index.php\/2018\/10\/07\/samedi-17-novembre-nouvel-atelier-leco-c-quoi\/","title":{"rendered":"samedi 17 novembre : nouvel atelier \u00ab\u00a0L\u2018Eco C quoi ?\u00a0\u00bb"},"content":{"rendered":"<p style=\"text-align: center;\"><span style=\"color: #0000ff; font-size: 18pt;\"><strong>A votre avis ?<\/strong><\/span><\/p>\n<p style=\"text-align: center;\"><span style=\"color: #0000ff;\">Comment \u00e9conomiser 100 \u20ac par personne et par an sur sa facture d\u2019eau ?<\/span><\/p>\n<p style=\"text-align: center;\"><span style=\"color: #0000ff;\">Citez 3 produits naturels et pas chers pour nettoyer l\u2019ensemble de votre maison ?<\/span><\/p>\n<p>&nbsp;<\/p>\n<p style=\"text-align: center;\">Pour avoir les r\u00e9ponses et plein de trucs et astuces,<\/p>\n<p style=\"text-align: center;\"><span style=\"color: #ff0000; font-size: 18pt;\"><strong>r\u00e9servez votre samedi 17 novembre, de 15h \u00e0 17h<\/strong><\/span><\/p>\n<p style=\"text-align: center;\"><span style=\"color: #ff0000; font-size: 18pt;\"><strong>pour participer \u00e0 l\u2019atelier<\/strong><\/span><\/p>\n<p style=\"text-align: center;\"><span style=\"color: #ff0000; font-size: 18pt;\"><strong>\u00ab L\u2018Eco C quoi ? \u00bb<\/strong><\/span><\/p>\n<p>Une animation renouvel\u00e9e car de nouvelles personnes se sont propos\u00e9es pour participer \u00e0 cette apr\u00e8s-midi conviviale \u00ab actions collectives \u00bb ! Aussi, nous souhaitons la bienvenue \u00e0 Hanane, Lou Ad\u00e8le, Adela\u00efde, St\u00e9phanie et Monique, qui s\u2019investissent dans la pr\u00e9paration de cet atelier.<\/p>\n<p>Cela conforte notre volont\u00e9 de d\u00e9velopper des actions ensemble. Dans cette perspective, le 23 juin dernier, nous \u00e9tions une quinzaine, locataires, b\u00e9n\u00e9voles, salari\u00e9s, r\u00e9unis pour mettre en commun nos souhaits pour des actions collectives \u00e0 venir. Beaucoup d\u2019id\u00e9es ont surgi, que nous mettrons en place dans le courant de l\u2019ann\u00e9e : \u00ab apprendre des \u00e9co gestes pour \u00e9viter le gaspillage, organiser un barbecue \u00e0 la base de loisirs, \u00e9changer nos recettes de cuisine, partager nos questions sur la vie quotidienne et l\u2019\u00e9ducation des enfants, et bien d\u2019autres encore\u2026 \u00bb<\/p>\n<p>&nbsp;<\/p>\n<p style=\"text-align: center;\"><span style=\"color: #0000ff;\"><strong>Comme vous le voyez, les projets sont nombreux !<\/strong><\/span><\/p>\n<p>&nbsp;<\/p>\n<p style=\"text-align: center;\"><span style=\"color: #ff0000;\"><strong>Locataires, b\u00e9n\u00e9voles,<\/strong><\/span><\/p>\n<p style=\"text-align: center;\"><span style=\"color: #ff0000;\"><strong>si vous souhaitez y participer et vivre des moments constructifs dans la bonne humeur, <\/strong><\/span><\/p>\n<p style=\"text-align: center;\"><span style=\"color: #ff0000;\"><strong>n\u2019h\u00e9sitez pas \u00e0 contacter B\u00e9n\u00e9dicte Vital b.vital@snl-yvelines.org &#8211; 06.09.42.83.82<\/strong><\/span><\/p>\n<p style=\"text-align: center;\">\u00a0<\/p>\n<p style=\"text-align: center;\"><span style=\"color: #ff0000;\"><strong>N&rsquo;oubliez pas de t\u00e9l\u00e9charger l&rsquo;invitation<\/strong><strong> <a style=\"color: #ff0000;\" href=\"http:\/\/snl78.org\/wp-content\/uploads\/2018\/10\/Invitation-atelier-novembre.jpg\">(<span style=\"font-size: 18pt;\">ici<\/span>)<\/a><\/strong><strong> pour la transmettre aux b\u00e9n\u00e9voles qui n&rsquo;ont pas internet et \u00e9galement d&rsquo;en parler \u00e0 tous les locataires<\/strong><\/span><\/p>\n","protected":false},"excerpt":{"rendered":"<p>A votre avis ? Comment \u00e9conomiser 100 \u20ac par personne et par an sur sa facture d\u2019eau ? Citez 3 produits naturels et pas chers pour nettoyer l\u2019ensemble de votre maison ? &nbsp; Pour avoir les r\u00e9ponses et plein de trucs et astuces, r\u00e9servez votre samedi 17 novembre, de 15h \u00e0 17h pour participer \u00e0 [&hellip;]<\/p>\n","protected":false},"author":2,"featured_media":0,"comment_status":"closed","ping_status":"closed","sticky":false,"template":"","format":"standard","meta":{"spay_email":"","jetpack_publicize_message":"","jetpack_is_tweetstorm":false},"categories":[20,15],"tags":[],"jetpack_featured_media_url":"","jetpack_publicize_connections":[],"jetpack_sharing_enabled":true,"jetpack_shortlink":"https:\/\/wp.me\/p8nZxF-fW","jetpack-related-posts":[{"id":1028,"url":"https:\/\/snl78.org\/index.php\/2018\/11\/26\/leco-c-quoi\/","url_meta":{"origin":988,"position":0},"title":"\u00ab L\u2018Eco C quoi ? \u00bb","date":"26 novembre 2018","format":false,"excerpt":"Se connaitre, partager et apprendre tout en s\u2019amusant\u00a0! C\u2019\u00e9tait l\u2019objectif du nouveau rendez-vous propos\u00e9 le 17 novembre o\u00f9 locataires, b\u00e9n\u00e9voles et salari\u00e9s apprenaient comment fabriquer des produits naturels et pas chers pour nettoyer l\u2019ensemble de la maison ou encore comment \u00e9conomiser 100 \u20ac par personne et par an sur sa\u2026","rel":"","context":"Dans &quot;Ateliers&quot;","img":{"alt_text":"","src":"https:\/\/i0.wp.com\/snl78.org\/wp-content\/uploads\/2019\/03\/IMG_5724.jpg?resize=350%2C200","width":350,"height":200},"classes":[]},{"id":644,"url":"https:\/\/snl78.org\/index.php\/2018\/03\/20\/un-temps-de-partage-une-vraie-reussite\/","url_meta":{"origin":988,"position":1},"title":"Les ateliers, un temps de partage r\u00e9ussi !","date":"20 mars 2018","format":false,"excerpt":"\u00a0 Cr\u00e9er des projets, facteurs de liens, de rencontres, est toujours une belle aventure\u00a0! Une nouvelle initiative fin 2017 a vu le jour\u00a0: l'organisation de rencontres salari\u00e9s, b\u00e9n\u00e9voles et locataires. Convivialit\u00e9 au rendez-vous\u00a0! C\u2019est parti avec le Jeu KIJOULOU\u00a0! La premi\u00e8re initiative a eu lieu le 24 novembre 2017. Notre\u2026","rel":"","context":"Dans &quot;Ateliers&quot;","img":{"alt_text":"","src":"https:\/\/i0.wp.com\/snl78.org\/wp-content\/uploads\/2018\/03\/photo1.jpg?resize=350%2C200","width":350,"height":200},"classes":[]},{"id":1280,"url":"https:\/\/snl78.org\/index.php\/2022\/11\/21\/la-seine-a-paris-au-18-et-19eme-siecle\/","url_meta":{"origin":988,"position":2},"title":"La Seine \u00e0 Paris au 18 et 19\u00e8me si\u00e8cle","date":"21 novembre 2022","format":false,"excerpt":"CONF\u00c9RENCE A quoi ressemblait la Seine au 18\u00e8me si\u00e8cle ? Avec ses rives de sable, ses ports anim\u00e9s et ses ponts charg\u00e9s de maisons, elle \u00e9tait au c\u0153ur de la vie des Parisiens. On allait y faire ses achats, prendre le bac, entendre les bonimenteurs ; on y lavait le\u2026","rel":"","context":"Dans &quot;Ev\u00e8nements&quot;","img":{"alt_text":"","src":"https:\/\/i1.wp.com\/snl78.org\/wp-content\/uploads\/2022\/11\/Capture-decran-du-2022-11-21-20-50-56.jpg?fit=1025%2C800&ssl=1&resize=350%2C200","width":350,"height":200},"classes":[]},{"id":1428,"url":"https:\/\/snl78.org\/index.php\/2025\/12\/29\/quand-lemballage-des-cadeaux-cree-du-lien\/","url_meta":{"origin":988,"position":3},"title":"Quand l\u2019emballage des cadeaux cr\u00e9e du lien","date":"29 d\u00e9cembre 2025","format":false,"excerpt":"Pendant deux semaines, b\u00e9n\u00e9voles et locataires de SNL Yvelines se sont relay\u00e9s au Furet du Nord pour emballer des cadeaux\u2026 et surtout pour aller \u00e0 la rencontre du public. Une op\u00e9ration solidaire, riche en \u00e9changes et en t\u00e9moignages, que nous vous invitons \u00e0 prolonger ici. Pendant 14 jours, b\u00e9n\u00e9voles, locataires\u2026","rel":"","context":"Dans &quot;Ev\u00e8nements&quot;","img":{"alt_text":"","src":"","width":0,"height":0},"classes":[]},{"id":1245,"url":"https:\/\/snl78.org\/index.php\/2022\/03\/01\/expo-vente-13-au-17-avril-2022\/","url_meta":{"origin":988,"position":4},"title":"Expo vente 13 au 17 avril 2022","date":"1 mars 2022","format":false,"excerpt":"LE GROUPE LOCAL DE SAINT QUENTIN-EST\u00a0 DE SOLIDARIT\u00c9S NOUVELLES POUR LE LOGEMENT YVELINES ( S.N.L. Yvelines) Une belle exposition-vente d\u2019\u0153uvres d\u2019art vous est propos\u00e9e par notre groupe. Situ\u00e9e \u00e0 la maison F\u00e9lix, lieu d'exposition de Montigny-le-Bretonneux, elle se d\u00e9roulera du 13 au 17 avril 2022 Venez d\u00e9couvrir des artistes locaux\u2026","rel":"","context":"Dans &quot;Ev\u00e8nements&quot;","img":{"alt_text":"","src":"","width":0,"height":0},"classes":[]},{"id":1442,"url":"https:\/\/snl78.org\/index.php\/2026\/02\/06\/le-karaoke-salle-paul-gauguin\/","url_meta":{"origin":988,"position":5},"title":"Le Karaok\u00e9 Salle Paul Gauguin","date":"6 f\u00e9vrier 2026","format":false,"excerpt":"3\u00e8me karaok\u00e9 solidaire ! Rendez-vous le samedi 28 mars \u00e0 la Salle Paul Gauguin pour notre 3\u1d49 Karaok\u00e9 Solidaire. Venez passer une soir\u00e9e conviviale entre amis ou avec tous les participants et laissez-vous emporter par le plaisir de chanter vos chansons pr\u00e9f\u00e9r\u00e9es parmi une s\u00e9lection tr\u00e8s vari\u00e9e. Et vous serez\u2026","rel":"","context":"Dans &quot;Non class\u00e9&quot;","img":{"alt_text":"","src":"","width":0,"height":0},"classes":[]}],"_links":{"self":[{"href":"https:\/\/snl78.org\/index.php\/wp-json\/wp\/v2\/posts\/988"}],"collection":[{"href":"https:\/\/snl78.org\/index.php\/wp-json\/wp\/v2\/posts"}],"about":[{"href":"https:\/\/snl78.org\/index.php\/wp-json\/wp\/v2\/types\/post"}],"author":[{"embeddable":true,"href":"https:\/\/snl78.org\/index.php\/wp-json\/wp\/v2\/users\/2"}],"replies":[{"embeddable":true,"href":"https:\/\/snl78.org\/index.php\/wp-json\/wp\/v2\/comments?post=988"}],"version-history":[{"count":6,"href":"https:\/\/snl78.org\/index.php\/wp-json\/wp\/v2\/posts\/988\/revisions"}],"predecessor-version":[{"id":994,"href":"https:\/\/snl78.org\/index.php\/wp-json\/wp\/v2\/posts\/988\/revisions\/994"}],"wp:attachment":[{"href":"https:\/\/snl78.org\/index.php\/wp-json\/wp\/v2\/media?parent=988"}],"wp:term":[{"taxonomy":"category","embeddable":true,"href":"https:\/\/snl78.org\/index.php\/wp-json\/wp\/v2\/categories?post=988"},{"taxonomy":"post_tag","embeddable":true,"href":"https:\/\/snl78.org\/index.php\/wp-json\/wp\/v2\/tags?post=988"}],"curies":[{"name":"wp","href":"https:\/\/api.w.org\/{rel}","templated":true}]}}