{"id":944,"date":"2018-07-06T21:02:37","date_gmt":"2018-07-06T19:02:37","guid":{"rendered":"http:\/\/snl78.org\/?p=944"},"modified":"2019-04-02T19:05:52","modified_gmt":"2019-04-02T17:05:52","slug":"inauguration-de-2-logements-a-beynes","status":"publish","type":"post","link":"https:\/\/snl78.org\/index.php\/2018\/07\/06\/inauguration-de-2-logements-a-beynes\/","title":{"rendered":"Inauguration de 2 logements \u00e0 Beynes"},"content":{"rendered":"<div>\n<div><img data-attachment-id=\"945\" data-permalink=\"https:\/\/snl78.org\/index.php\/2018\/07\/06\/inauguration-de-2-logements-a-beynes\/mms_img17972448691\/\" data-orig-file=\"https:\/\/i2.wp.com\/snl78.org\/wp-content\/uploads\/2018\/07\/mms_img17972448691.jpg?fit=1000%2C752&amp;ssl=1\" data-orig-size=\"1000,752\" data-comments-opened=\"0\" data-image-meta=\"{&quot;aperture&quot;:&quot;0&quot;,&quot;credit&quot;:&quot;&quot;,&quot;camera&quot;:&quot;&quot;,&quot;caption&quot;:&quot;&quot;,&quot;created_timestamp&quot;:&quot;0&quot;,&quot;copyright&quot;:&quot;&quot;,&quot;focal_length&quot;:&quot;0&quot;,&quot;iso&quot;:&quot;0&quot;,&quot;shutter_speed&quot;:&quot;0&quot;,&quot;title&quot;:&quot;&quot;,&quot;orientation&quot;:&quot;0&quot;}\" data-image-title=\"mms_img17972448691\" data-image-description=\"\" data-medium-file=\"https:\/\/i2.wp.com\/snl78.org\/wp-content\/uploads\/2018\/07\/mms_img17972448691.jpg?fit=300%2C226&amp;ssl=1\" data-large-file=\"https:\/\/i2.wp.com\/snl78.org\/wp-content\/uploads\/2018\/07\/mms_img17972448691.jpg?fit=1000%2C752&amp;ssl=1\" loading=\"lazy\" class=\"alignleft wp-image-945 size-medium\" src=\"https:\/\/i1.wp.com\/snl78.org\/wp-content\/uploads\/2018\/07\/mms_img17972448691-300x226.jpg?resize=300%2C226\" alt=\"\" width=\"300\" height=\"226\" srcset=\"https:\/\/i2.wp.com\/snl78.org\/wp-content\/uploads\/2018\/07\/mms_img17972448691.jpg?resize=300%2C226&amp;ssl=1 300w, https:\/\/i2.wp.com\/snl78.org\/wp-content\/uploads\/2018\/07\/mms_img17972448691.jpg?resize=150%2C113&amp;ssl=1 150w, https:\/\/i2.wp.com\/snl78.org\/wp-content\/uploads\/2018\/07\/mms_img17972448691.jpg?resize=768%2C578&amp;ssl=1 768w, https:\/\/i2.wp.com\/snl78.org\/wp-content\/uploads\/2018\/07\/mms_img17972448691.jpg?resize=600%2C451&amp;ssl=1 600w, https:\/\/i2.wp.com\/snl78.org\/wp-content\/uploads\/2018\/07\/mms_img17972448691.jpg?w=1000&amp;ssl=1 1000w\" sizes=\"(max-width: 300px) 100vw, 300px\" data-recalc-dims=\"1\" \/>SNL a r\u00e9habilit\u00e9 une vieille maison en plein centre de Beynes, commune semi-rurale au c\u0153ur de la jolie vall\u00e9e de la Mauldre,\u00a0avec cr\u00e9ation d&rsquo;un studio et d&rsquo;un 2-pi\u00e8ces, avec r\u00e9novation \u00e9nerg\u00e9tique compl\u00e8te.<\/div>\n<div>\u00a0<\/div>\n<div>\u00a0<\/div>\n<div><img data-attachment-id=\"947\" data-permalink=\"https:\/\/snl78.org\/index.php\/2018\/07\/06\/inauguration-de-2-logements-a-beynes\/img_0338\/\" data-orig-file=\"https:\/\/i0.wp.com\/snl78.org\/wp-content\/uploads\/2018\/07\/IMG_0338.jpg?fit=4032%2C3024&amp;ssl=1\" data-orig-size=\"4032,3024\" data-comments-opened=\"0\" data-image-meta=\"{&quot;aperture&quot;:&quot;0&quot;,&quot;credit&quot;:&quot;&quot;,&quot;camera&quot;:&quot;&quot;,&quot;caption&quot;:&quot;&quot;,&quot;created_timestamp&quot;:&quot;0&quot;,&quot;copyright&quot;:&quot;&quot;,&quot;focal_length&quot;:&quot;0&quot;,&quot;iso&quot;:&quot;0&quot;,&quot;shutter_speed&quot;:&quot;0&quot;,&quot;title&quot;:&quot;&quot;,&quot;orientation&quot;:&quot;0&quot;}\" data-image-title=\"IMG_0338\" data-image-description=\"\" data-medium-file=\"https:\/\/i0.wp.com\/snl78.org\/wp-content\/uploads\/2018\/07\/IMG_0338.jpg?fit=300%2C225&amp;ssl=1\" data-large-file=\"https:\/\/i0.wp.com\/snl78.org\/wp-content\/uploads\/2018\/07\/IMG_0338.jpg?fit=1024%2C768&amp;ssl=1\" loading=\"lazy\" class=\"alignright wp-image-947 size-medium\" src=\"https:\/\/i0.wp.com\/snl78.org\/wp-content\/uploads\/2018\/07\/IMG_0338-300x225.jpg?resize=300%2C225\" alt=\"\" width=\"300\" height=\"225\" srcset=\"https:\/\/i0.wp.com\/snl78.org\/wp-content\/uploads\/2018\/07\/IMG_0338.jpg?resize=300%2C225&amp;ssl=1 300w, https:\/\/i0.wp.com\/snl78.org\/wp-content\/uploads\/2018\/07\/IMG_0338.jpg?resize=150%2C113&amp;ssl=1 150w, https:\/\/i0.wp.com\/snl78.org\/wp-content\/uploads\/2018\/07\/IMG_0338.jpg?resize=768%2C576&amp;ssl=1 768w, https:\/\/i0.wp.com\/snl78.org\/wp-content\/uploads\/2018\/07\/IMG_0338.jpg?resize=1024%2C768&amp;ssl=1 1024w, https:\/\/i0.wp.com\/snl78.org\/wp-content\/uploads\/2018\/07\/IMG_0338.jpg?resize=600%2C450&amp;ssl=1 600w, https:\/\/i0.wp.com\/snl78.org\/wp-content\/uploads\/2018\/07\/IMG_0338.jpg?w=2400&amp;ssl=1 2400w, https:\/\/i0.wp.com\/snl78.org\/wp-content\/uploads\/2018\/07\/IMG_0338.jpg?w=3600&amp;ssl=1 3600w\" sizes=\"(max-width: 300px) 100vw, 300px\" data-recalc-dims=\"1\" \/><\/div>\n<\/div>\n<div>\u00a0<\/div>\n<div>\u00a0<\/div>\n<div>\u00a0<\/div>\n<div>\u00a0<\/div>\n<div>Ces 2 logements ont \u00e9t\u00e9 inaugur\u00e9s le 5 juillet et SNL devrait accueillir deux nouvelles familles durant l\u2019\u00e9t\u00e9 2018.<\/div>\n<div>\u00a0<\/div>\n","protected":false},"excerpt":{"rendered":"<p>SNL a r\u00e9habilit\u00e9 une vieille maison en plein centre de Beynes, commune semi-rurale au c\u0153ur de la jolie vall\u00e9e de la Mauldre,\u00a0avec cr\u00e9ation d&rsquo;un studio et d&rsquo;un 2-pi\u00e8ces, avec r\u00e9novation \u00e9nerg\u00e9tique compl\u00e8te. \u00a0 \u00a0 \u00a0 \u00a0 \u00a0 \u00a0 Ces 2 logements ont \u00e9t\u00e9 inaugur\u00e9s le 5 juillet et SNL devrait accueillir deux nouvelles familles durant [&hellip;]<\/p>\n","protected":false},"author":2,"featured_media":0,"comment_status":"closed","ping_status":"closed","sticky":false,"template":"","format":"standard","meta":{"spay_email":"","jetpack_publicize_message":"","jetpack_is_tweetstorm":false},"categories":[16,18,15],"tags":[],"jetpack_featured_media_url":"","jetpack_publicize_connections":[],"jetpack_sharing_enabled":true,"jetpack_shortlink":"https:\/\/wp.me\/p8nZxF-fe","jetpack-related-posts":[{"id":794,"url":"https:\/\/snl78.org\/index.php\/2018\/05\/21\/aidez-le-groupe-local-de-solidarite-de-rambouillet-a-financer-deux-logements-pour-des-familles-en-precarite\/","url_meta":{"origin":944,"position":0},"title":"Aidez le Groupe Local de Solidarit\u00e9 de Rambouillet \u00e0 financer deux logements pour des familles en pr\u00e9carit\u00e9","date":"21 mai 2018","format":false,"excerpt":"Conform\u00e9ment \u00e0 sa volont\u00e9 de couvrir un maximum de communes dans le d\u00e9partement, SNL Yvelines a acquis l\u2019an dernier \u00e0 Rambouillet une maison d'environ 70 m\u00b2 situ\u00e9e pr\u00e8s de la gare et des commerces.\u00a0 Le projet consiste d'abord \u00e0 agrandir la maison pour cr\u00e9er 2 logements ind\u00e9pendants de 50 m\u00b2\u2026","rel":"","context":"Dans &quot;G\u00e9n\u00e9rosit\u00e9&quot;","img":{"alt_text":"","src":"https:\/\/i1.wp.com\/snl78.org\/wp-content\/uploads\/2018\/05\/FH_2018_04_02_1407-1024x683.jpg?resize=350%2C200","width":350,"height":200},"classes":[]},{"id":615,"url":"https:\/\/snl78.org\/index.php\/2018\/02\/20\/un-troisieme-logement-passerelle-a-voisins-le-bretonneux\/","url_meta":{"origin":944,"position":1},"title":"Un troisi\u00e8me logement passerelle \u00e0 Voisins-le-Bretonneux","date":"20 f\u00e9vrier 2018","format":false,"excerpt":"Le Groupe Local de Saint-Quentin-en Yvelines\/Est inaugurait son troisi\u00e8me logement le vendredi 9 f\u00e9vrier, en pr\u00e9sence d'\u00e9lus de la municipalit\u00e9 et du Conseil d\u00e9partemental. Il s'agit d'un studio de 32 m2 \u00e0 Voisins-le-Bretonneux. SNL Yvelines a ainsi son 117\u00e8me logement ! Les nouvelles nous ont fait un bel article :\u2026","rel":"","context":"Dans &quot;Logements&quot;","img":{"alt_text":"","src":"https:\/\/i1.wp.com\/snl78.org\/wp-content\/uploads\/2018\/03\/Capture-d\u00c3\u00a9cran-2018-03-06-19.28.36.png?resize=350%2C200","width":350,"height":200},"classes":[]},{"id":908,"url":"https:\/\/snl78.org\/index.php\/2018\/06\/20\/inauguration-dun-nouvel-appartement-a-viroflay\/","url_meta":{"origin":944,"position":2},"title":"Inauguration d'un nouvel appartement \u00e0 Viroflay","date":"20 juin 2018","format":false,"excerpt":"SNL a acquis par donation un logement T2 dans une jolie r\u00e9sidence fleurie \u00e0 Viroflay et y a effectu\u00e9 des travaux de r\u00e9novation, y compris des am\u00e9liorations thermiques.En effet c'est Elisabeth, une retrait\u00e9e de 95 ans, qui a offert son logement pour aider ceux qui n'ont rien. C'est donc un\u2026","rel":"","context":"Dans &quot;Ev\u00e8nements&quot;","img":{"alt_text":"","src":"https:\/\/i2.wp.com\/snl78.org\/wp-content\/uploads\/2018\/07\/DSC_0014.jpg?resize=350%2C200","width":350,"height":200},"classes":[]},{"id":1067,"url":"https:\/\/snl78.org\/index.php\/2019\/02\/15\/cabaret-ou-loto-au-menu-du-2-fevrier\/","url_meta":{"origin":944,"position":3},"title":"Cabaret ou loto au menu du 2 f\u00e9vrier","date":"15 f\u00e9vrier 2019","format":false,"excerpt":"Le cabaret SNL de Saint Nom la Bret\u00e8che et le loto de Saint Quentin Est sont vraiment devenus des institutions incontournables ! \u00a0 Tout d'abord grand succ\u00e8s pour la 5\u00e8me \u00e9dition du cabaret de Saint-Nom la Bret\u00e8che ! L\u2019espace JKM \u00e9tait comble pour cette soir\u00e9e, qui s\u2019est d\u00e9roul\u00e9e dans une\u2026","rel":"","context":"Dans &quot;Ev\u00e8nements&quot;","img":{"alt_text":"","src":"https:\/\/i1.wp.com\/snl78.org\/wp-content\/uploads\/2019\/04\/20190202_cabaretSNLB_DSC_0056.jpg?resize=350%2C200","width":350,"height":200},"classes":[]},{"id":1018,"url":"https:\/\/snl78.org\/index.php\/2018\/10\/26\/concert-baroque-a-bailly\/","url_meta":{"origin":944,"position":4},"title":"Concert baroque \u00e0 Bailly","date":"26 octobre 2018","format":false,"excerpt":"Le samedi 6 octobre 2018 l'Ensemble CLETA a offert \u00e0 SNL Yvelines un concert de musique baroques de grande qualit\u00e9 L'ensemble CLETA est form\u00e9 d'une douzaine d'instrumentistes, de chanteurs et de danseurs, dont le but est de retrouver les r\u00e8gles de lecture et d'interpr\u00e9tation des \u0153uvres des 16e, 17e et\u2026","rel":"","context":"Dans &quot;Ev\u00e8nements&quot;","img":{"alt_text":"","src":"https:\/\/i0.wp.com\/snl78.org\/wp-content\/uploads\/2019\/03\/Bailly_DSC3818.jpg?resize=350%2C200","width":350,"height":200},"classes":[]},{"id":1023,"url":"https:\/\/snl78.org\/index.php\/2018\/12\/05\/voulez-vous-danser-mamzelle\/","url_meta":{"origin":944,"position":5},"title":"Voulez-vous danser, Mam\u2019zelle ?","date":"5 d\u00e9cembre 2018","format":false,"excerpt":"Un \"th\u00e9 dansant\" avec 70 danseurs, une premi\u00e8re pour SNL\u00a0! Le 18 novembre, salle Paul Gauguin \u00e0 Montigny le Bretonneux, le groupe de musiciens \"Terroir Qu\u2019est-ce\" nous a invit\u00e9 \u00e0 la pratique de danses traditionnelles des r\u00e9gions de France,\u00a0avec fl\u00fbte, violon, guitares et accord\u00e9on, et aussi avec explication par un\u2026","rel":"","context":"Dans &quot;Ev\u00e8nements&quot;","img":{"alt_text":"","src":"https:\/\/i0.wp.com\/snl78.org\/wp-content\/uploads\/2019\/03\/SQYE_P1070302.jpg?resize=350%2C200","width":350,"height":200},"classes":[]}],"_links":{"self":[{"href":"https:\/\/snl78.org\/index.php\/wp-json\/wp\/v2\/posts\/944"}],"collection":[{"href":"https:\/\/snl78.org\/index.php\/wp-json\/wp\/v2\/posts"}],"about":[{"href":"https:\/\/snl78.org\/index.php\/wp-json\/wp\/v2\/types\/post"}],"author":[{"embeddable":true,"href":"https:\/\/snl78.org\/index.php\/wp-json\/wp\/v2\/users\/2"}],"replies":[{"embeddable":true,"href":"https:\/\/snl78.org\/index.php\/wp-json\/wp\/v2\/comments?post=944"}],"version-history":[{"count":5,"href":"https:\/\/snl78.org\/index.php\/wp-json\/wp\/v2\/posts\/944\/revisions"}],"predecessor-version":[{"id":954,"href":"https:\/\/snl78.org\/index.php\/wp-json\/wp\/v2\/posts\/944\/revisions\/954"}],"wp:attachment":[{"href":"https:\/\/snl78.org\/index.php\/wp-json\/wp\/v2\/media?parent=944"}],"wp:term":[{"taxonomy":"category","embeddable":true,"href":"https:\/\/snl78.org\/index.php\/wp-json\/wp\/v2\/categories?post=944"},{"taxonomy":"post_tag","embeddable":true,"href":"https:\/\/snl78.org\/index.php\/wp-json\/wp\/v2\/tags?post=944"}],"curies":[{"name":"wp","href":"https:\/\/api.w.org\/{rel}","templated":true}]}}