{"id":867,"date":"2018-05-29T18:55:06","date_gmt":"2018-05-29T16:55:06","guid":{"rendered":"http:\/\/snl78.org\/?p=867"},"modified":"2018-05-29T23:51:00","modified_gmt":"2018-05-29T21:51:00","slug":"connaissez-vous-wimoov","status":"publish","type":"post","link":"https:\/\/snl78.org\/index.php\/2018\/05\/29\/connaissez-vous-wimoov\/","title":{"rendered":"Connaissez-vous Wimoov ?"},"content":{"rendered":"<p style=\"text-align: justify;\"><img data-attachment-id=\"869\" data-permalink=\"https:\/\/snl78.org\/index.php\/2018\/05\/29\/connaissez-vous-wimoov\/1026_20160908_logowimoov500x400\/\" data-orig-file=\"https:\/\/i2.wp.com\/snl78.org\/wp-content\/uploads\/2018\/05\/1026_20160908_logowimoov500x400.jpg?fit=510%2C400&amp;ssl=1\" data-orig-size=\"510,400\" data-comments-opened=\"0\" data-image-meta=\"{&quot;aperture&quot;:&quot;0&quot;,&quot;credit&quot;:&quot;&quot;,&quot;camera&quot;:&quot;&quot;,&quot;caption&quot;:&quot;&quot;,&quot;created_timestamp&quot;:&quot;0&quot;,&quot;copyright&quot;:&quot;&quot;,&quot;focal_length&quot;:&quot;0&quot;,&quot;iso&quot;:&quot;0&quot;,&quot;shutter_speed&quot;:&quot;0&quot;,&quot;title&quot;:&quot;&quot;,&quot;orientation&quot;:&quot;0&quot;}\" data-image-title=\"1026_20160908_logowimoov500x400\" data-image-description=\"\" data-medium-file=\"https:\/\/i2.wp.com\/snl78.org\/wp-content\/uploads\/2018\/05\/1026_20160908_logowimoov500x400.jpg?fit=300%2C235&amp;ssl=1\" data-large-file=\"https:\/\/i2.wp.com\/snl78.org\/wp-content\/uploads\/2018\/05\/1026_20160908_logowimoov500x400.jpg?fit=510%2C400&amp;ssl=1\" loading=\"lazy\" class=\"alignleft wp-image-869 size-medium\" src=\"https:\/\/i0.wp.com\/snl78.org\/wp-content\/uploads\/2018\/05\/1026_20160908_logowimoov500x400-300x235.jpg?resize=300%2C235\" alt=\"\" width=\"300\" height=\"235\" srcset=\"https:\/\/i2.wp.com\/snl78.org\/wp-content\/uploads\/2018\/05\/1026_20160908_logowimoov500x400.jpg?resize=300%2C235&amp;ssl=1 300w, https:\/\/i2.wp.com\/snl78.org\/wp-content\/uploads\/2018\/05\/1026_20160908_logowimoov500x400.jpg?resize=150%2C118&amp;ssl=1 150w, https:\/\/i2.wp.com\/snl78.org\/wp-content\/uploads\/2018\/05\/1026_20160908_logowimoov500x400.jpg?w=510&amp;ssl=1 510w\" sizes=\"(max-width: 300px) 100vw, 300px\" data-recalc-dims=\"1\" \/><span style=\"color: #ff0000;\"><strong>\u00ab Libert\u00e9, \u00e9galit\u00e9, mobilit\u00e9. \u00bb<\/strong><\/span> c&rsquo;est le slogan de <em>Wimoov<\/em>.<\/p>\n<p style=\"text-align: justify;\">23% des fran\u00e7ais ont d\u00e9j\u00e0 refus\u00e9 un travail ou une formation faute de pouvoir s\u2019y rendre d&rsquo;apr\u00e8s une \u00e9tude Elabe r\u00e9alis\u00e9e en d\u00e9cembre 2016 pour le Laboratoire de la Mobilit\u00e9 Inclusive. Les locataires accueillis par SNL n&rsquo;\u00e9chappent pas \u00e0 cette probl\u00e9matique !<\/p>\n<p style=\"text-align: justify;\">L&rsquo;association <em>Wimoov<\/em> a donc pour ambition d\u2019accompagner individuellement tous les publics en situation de fragilit\u00e9 vers une meilleure mobilit\u00e9. Avec 25 plateformes r\u00e9parties sur le territoire, dont 7 en Ile-de-France, le dispositif agit pour que la mobilit\u00e9 ne soit plus un frein \u00e0 l\u2019insertion professionnelle et sociale et que la mobilit\u00e9 soit accessible \u00e0 tous<\/p>\n<p style=\"text-align: justify;\">Concr\u00e8tement, des conseillers mobilit\u00e9 <em>Wimoov<\/em> proposent des entretiens individualis\u00e9s pour identifier leurs besoins de mobilit\u00e9 et trouver des solutions adapt\u00e9es. \u00ab Nous explorons toutes les possibilit\u00e9s, tous les modes de transport. Mais il faut, au pr\u00e9alable, bien identifier les besoins \u00bb.<\/p>\n<p style=\"text-align: justify;\">Les personnes qui rencontrent un probl\u00e8me de mobilit\u00e9 sont donc re\u00e7ues sur rendez-vous. Cet accueil se fait sur prescription des structures partenaires avec lesquelles travaille <em>Wimoov<\/em> sur chaque territoire : P\u00f4le emploi, missions locales, associations d\u2019insertions, p\u00f4les d\u2019insertion des Conseils g\u00e9n\u00e9raux, etc. Lors de ce rendez-vous, un conseiller mobilit\u00e9 va analyser les difficult\u00e9s du b\u00e9n\u00e9ficiaire. Elles peuvent \u00eatre financi\u00e8res, mat\u00e9rielles (voiture en panne par exemple), physiques, ou cognitives (difficult\u00e9s \u00e0 lire une carte, \u00e0 lire les panneaux, \u00e0 se d\u00e9placer hors de son quartier, etc.).<\/p>\n<p style=\"text-align: justify;\">Il peut ensuite l&rsquo;orienter vers vers des dispositifs adapt\u00e9s, accessibles et efficaces tels que :<\/p>\n<ul style=\"text-align: justify;\">\n<li>des services solidaires comme l&rsquo;autopartage social (par exemple pour quelqu\u2019un qui doit se rendre de nuit \u00e0 son travail) ;<\/li>\n<li>des solutions mat\u00e9rielles en proposant, par exemple, de r\u00e9parer son v\u00e9hicule ou son v\u00e9lo ;<\/li>\n<li>des formations comme l&rsquo;auto-\u00e9cole solidaire ou des actions de sensibilisation \u00e0 la s\u00e9curit\u00e9 routi\u00e8re.<\/li>\n<\/ul>\n<p style=\"text-align: justify;\">Dans les Yvelines, il existe une plateforme \u00e0 PLAISIR : 51 rue de la gare 78370 PLAISIR (01.30.69.70.46 &#8211; yvelines@wimoov.org)<\/p>\n<p style=\"text-align: justify;\"><span style=\"font-size: 14pt;\">En savoir plus sur <em><a href=\"http:\/\/www.wimoov.org\" target=\"_blank\" rel=\"noopener noreferrer\">Wimoov<\/a><\/em><\/span><\/p>\n","protected":false},"excerpt":{"rendered":"<p>\u00ab Libert\u00e9, \u00e9galit\u00e9, mobilit\u00e9. \u00bb c&rsquo;est le slogan de Wimoov. 23% des fran\u00e7ais ont d\u00e9j\u00e0 refus\u00e9 un travail ou une formation faute de pouvoir s\u2019y rendre d&rsquo;apr\u00e8s une \u00e9tude Elabe r\u00e9alis\u00e9e en d\u00e9cembre 2016 pour le Laboratoire de la Mobilit\u00e9 Inclusive. Les locataires accueillis par SNL n&rsquo;\u00e9chappent pas \u00e0 cette probl\u00e9matique ! L&rsquo;association Wimoov a [&hellip;]<\/p>\n","protected":false},"author":2,"featured_media":0,"comment_status":"closed","ping_status":"closed","sticky":false,"template":"","format":"standard","meta":{"spay_email":"","jetpack_publicize_message":"","jetpack_is_tweetstorm":false},"categories":[17],"tags":[],"jetpack_featured_media_url":"","jetpack_publicize_connections":[],"jetpack_sharing_enabled":true,"jetpack_shortlink":"https:\/\/wp.me\/p8nZxF-dZ","jetpack-related-posts":[{"id":1067,"url":"https:\/\/snl78.org\/index.php\/2019\/02\/15\/cabaret-ou-loto-au-menu-du-2-fevrier\/","url_meta":{"origin":867,"position":0},"title":"Cabaret ou loto au menu du 2 f\u00e9vrier","date":"15 f\u00e9vrier 2019","format":false,"excerpt":"Le cabaret SNL de Saint Nom la Bret\u00e8che et le loto de Saint Quentin Est sont vraiment devenus des institutions incontournables ! \u00a0 Tout d'abord grand succ\u00e8s pour la 5\u00e8me \u00e9dition du cabaret de Saint-Nom la Bret\u00e8che ! L\u2019espace JKM \u00e9tait comble pour cette soir\u00e9e, qui s\u2019est d\u00e9roul\u00e9e dans une\u2026","rel":"","context":"Dans &quot;Ev\u00e8nements&quot;","img":{"alt_text":"","src":"https:\/\/i1.wp.com\/snl78.org\/wp-content\/uploads\/2019\/04\/20190202_cabaretSNLB_DSC_0056.jpg?resize=350%2C200","width":350,"height":200},"classes":[]},{"id":847,"url":"https:\/\/snl78.org\/index.php\/2018\/04\/29\/chronique-dun-demenagement\/","url_meta":{"origin":867,"position":1},"title":"Chronique d'un d\u00e9m\u00e9nagement !","date":"29 avril 2018","format":false,"excerpt":"Le 16 avril a vu se r\u00e9aliser ce que nous pr\u00e9parions depuis plusieurs mois et ce que certains souhaitaient depuis plusieurs ann\u00e9es\u00a0: l\u2019arriv\u00e9e de SNL Yvelines dans de nouveaux locaux\u00a0! Des locaux adapt\u00e9s, fonctionnels, agr\u00e9ables, permettant de bonnes conditions de travail pour les salari\u00e9s, d\u2019accueil pour les b\u00e9n\u00e9voles, locataires et\u2026","rel":"","context":"Dans &quot;Ev\u00e8nements&quot;","img":{"alt_text":"","src":"https:\/\/i2.wp.com\/snl78.org\/wp-content\/uploads\/2018\/05\/DSC_0628.jpg?resize=350%2C200","width":350,"height":200},"classes":[]},{"id":988,"url":"https:\/\/snl78.org\/index.php\/2018\/10\/07\/samedi-17-novembre-nouvel-atelier-leco-c-quoi\/","url_meta":{"origin":867,"position":2},"title":"samedi 17 novembre : nouvel atelier \"L\u2018Eco C quoi ?\"","date":"7 octobre 2018","format":false,"excerpt":"A votre avis ? Comment \u00e9conomiser 100 \u20ac par personne et par an sur sa facture d\u2019eau ? Citez 3 produits naturels et pas chers pour nettoyer l\u2019ensemble de votre maison ? \u00a0 Pour avoir les r\u00e9ponses et plein de trucs et astuces, r\u00e9servez votre samedi 17 novembre, de 15h\u2026","rel":"","context":"Dans &quot;Ateliers&quot;","img":{"alt_text":"","src":"","width":0,"height":0},"classes":[]},{"id":1442,"url":"https:\/\/snl78.org\/index.php\/2026\/02\/06\/le-karaoke-salle-paul-gauguin\/","url_meta":{"origin":867,"position":3},"title":"Le Karaok\u00e9 Salle Paul Gauguin","date":"6 f\u00e9vrier 2026","format":false,"excerpt":"3\u00e8me karaok\u00e9 solidaire ! Rendez-vous le samedi 28 mars \u00e0 la Salle Paul Gauguin pour notre 3\u1d49 Karaok\u00e9 Solidaire. Venez passer une soir\u00e9e conviviale entre amis ou avec tous les participants et laissez-vous emporter par le plaisir de chanter vos chansons pr\u00e9f\u00e9r\u00e9es parmi une s\u00e9lection tr\u00e8s vari\u00e9e. Et vous serez\u2026","rel":"","context":"Dans &quot;Non class\u00e9&quot;","img":{"alt_text":"","src":"","width":0,"height":0},"classes":[]},{"id":794,"url":"https:\/\/snl78.org\/index.php\/2018\/05\/21\/aidez-le-groupe-local-de-solidarite-de-rambouillet-a-financer-deux-logements-pour-des-familles-en-precarite\/","url_meta":{"origin":867,"position":4},"title":"Aidez le Groupe Local de Solidarit\u00e9 de Rambouillet \u00e0 financer deux logements pour des familles en pr\u00e9carit\u00e9","date":"21 mai 2018","format":false,"excerpt":"Conform\u00e9ment \u00e0 sa volont\u00e9 de couvrir un maximum de communes dans le d\u00e9partement, SNL Yvelines a acquis l\u2019an dernier \u00e0 Rambouillet une maison d'environ 70 m\u00b2 situ\u00e9e pr\u00e8s de la gare et des commerces.\u00a0 Le projet consiste d'abord \u00e0 agrandir la maison pour cr\u00e9er 2 logements ind\u00e9pendants de 50 m\u00b2\u2026","rel":"","context":"Dans &quot;G\u00e9n\u00e9rosit\u00e9&quot;","img":{"alt_text":"","src":"https:\/\/i1.wp.com\/snl78.org\/wp-content\/uploads\/2018\/05\/FH_2018_04_02_1407-1024x683.jpg?resize=350%2C200","width":350,"height":200},"classes":[]},{"id":1023,"url":"https:\/\/snl78.org\/index.php\/2018\/12\/05\/voulez-vous-danser-mamzelle\/","url_meta":{"origin":867,"position":5},"title":"Voulez-vous danser, Mam\u2019zelle ?","date":"5 d\u00e9cembre 2018","format":false,"excerpt":"Un \"th\u00e9 dansant\" avec 70 danseurs, une premi\u00e8re pour SNL\u00a0! Le 18 novembre, salle Paul Gauguin \u00e0 Montigny le Bretonneux, le groupe de musiciens \"Terroir Qu\u2019est-ce\" nous a invit\u00e9 \u00e0 la pratique de danses traditionnelles des r\u00e9gions de France,\u00a0avec fl\u00fbte, violon, guitares et accord\u00e9on, et aussi avec explication par un\u2026","rel":"","context":"Dans &quot;Ev\u00e8nements&quot;","img":{"alt_text":"","src":"https:\/\/i0.wp.com\/snl78.org\/wp-content\/uploads\/2019\/03\/SQYE_P1070302.jpg?resize=350%2C200","width":350,"height":200},"classes":[]}],"_links":{"self":[{"href":"https:\/\/snl78.org\/index.php\/wp-json\/wp\/v2\/posts\/867"}],"collection":[{"href":"https:\/\/snl78.org\/index.php\/wp-json\/wp\/v2\/posts"}],"about":[{"href":"https:\/\/snl78.org\/index.php\/wp-json\/wp\/v2\/types\/post"}],"author":[{"embeddable":true,"href":"https:\/\/snl78.org\/index.php\/wp-json\/wp\/v2\/users\/2"}],"replies":[{"embeddable":true,"href":"https:\/\/snl78.org\/index.php\/wp-json\/wp\/v2\/comments?post=867"}],"version-history":[{"count":3,"href":"https:\/\/snl78.org\/index.php\/wp-json\/wp\/v2\/posts\/867\/revisions"}],"predecessor-version":[{"id":871,"href":"https:\/\/snl78.org\/index.php\/wp-json\/wp\/v2\/posts\/867\/revisions\/871"}],"wp:attachment":[{"href":"https:\/\/snl78.org\/index.php\/wp-json\/wp\/v2\/media?parent=867"}],"wp:term":[{"taxonomy":"category","embeddable":true,"href":"https:\/\/snl78.org\/index.php\/wp-json\/wp\/v2\/categories?post=867"},{"taxonomy":"post_tag","embeddable":true,"href":"https:\/\/snl78.org\/index.php\/wp-json\/wp\/v2\/tags?post=867"}],"curies":[{"name":"wp","href":"https:\/\/api.w.org\/{rel}","templated":true}]}}