{"id":615,"date":"2018-02-20T18:59:53","date_gmt":"2018-02-20T17:59:53","guid":{"rendered":"http:\/\/snl78.org\/?p=615"},"modified":"2018-04-02T23:32:55","modified_gmt":"2018-04-02T21:32:55","slug":"un-troisieme-logement-passerelle-a-voisins-le-bretonneux","status":"publish","type":"post","link":"https:\/\/snl78.org\/index.php\/2018\/02\/20\/un-troisieme-logement-passerelle-a-voisins-le-bretonneux\/","title":{"rendered":"Un troisi\u00e8me logement passerelle \u00e0 Voisins-le-Bretonneux"},"content":{"rendered":"<p>Le Groupe Local de Saint-Quentin-en Yvelines\/Est inaugurait son troisi\u00e8me logement le vendredi 9 f\u00e9vrier, en pr\u00e9sence d&rsquo;\u00e9lus de la municipalit\u00e9 et du Conseil d\u00e9partemental.<\/p>\n<p>Il s&rsquo;agit d&rsquo;un studio de 32 m2 \u00e0 Voisins-le-Bretonneux.<\/p>\n<p>SNL Yvelines a ainsi son 117<sup>\u00e8me<\/sup> logement !<\/p>\n<p>Les nouvelles nous ont fait un bel article :<\/p>\n<p><img data-attachment-id=\"616\" data-permalink=\"https:\/\/snl78.org\/index.php\/2018\/02\/20\/un-troisieme-logement-passerelle-a-voisins-le-bretonneux\/capture-decran-2018-03-06-19-28-36\/\" data-orig-file=\"https:\/\/i0.wp.com\/snl78.org\/wp-content\/uploads\/2018\/03\/Capture-d\u00e9cran-2018-03-06-19.28.36.png?fit=582%2C778&amp;ssl=1\" data-orig-size=\"582,778\" data-comments-opened=\"0\" data-image-meta=\"{&quot;aperture&quot;:&quot;0&quot;,&quot;credit&quot;:&quot;&quot;,&quot;camera&quot;:&quot;&quot;,&quot;caption&quot;:&quot;&quot;,&quot;created_timestamp&quot;:&quot;0&quot;,&quot;copyright&quot;:&quot;&quot;,&quot;focal_length&quot;:&quot;0&quot;,&quot;iso&quot;:&quot;0&quot;,&quot;shutter_speed&quot;:&quot;0&quot;,&quot;title&quot;:&quot;&quot;,&quot;orientation&quot;:&quot;0&quot;}\" data-image-title=\"Capture d&amp;rsquo;\u00e9cran 2018-03-06 19.28.36\" data-image-description=\"\" data-medium-file=\"https:\/\/i0.wp.com\/snl78.org\/wp-content\/uploads\/2018\/03\/Capture-d\u00e9cran-2018-03-06-19.28.36.png?fit=224%2C300&amp;ssl=1\" data-large-file=\"https:\/\/i0.wp.com\/snl78.org\/wp-content\/uploads\/2018\/03\/Capture-d\u00e9cran-2018-03-06-19.28.36.png?fit=582%2C778&amp;ssl=1\" loading=\"lazy\" class=\"alignnone size-full wp-image-616\" src=\"https:\/\/i0.wp.com\/snl78.org\/wp-content\/uploads\/2018\/03\/Capture-d\u00e9cran-2018-03-06-19.28.36.png?resize=582%2C778\" alt=\"\" width=\"582\" height=\"778\" srcset=\"https:\/\/i0.wp.com\/snl78.org\/wp-content\/uploads\/2018\/03\/Capture-d\u00e9cran-2018-03-06-19.28.36.png?w=582&amp;ssl=1 582w, https:\/\/i0.wp.com\/snl78.org\/wp-content\/uploads\/2018\/03\/Capture-d\u00e9cran-2018-03-06-19.28.36.png?resize=112%2C150&amp;ssl=1 112w, https:\/\/i0.wp.com\/snl78.org\/wp-content\/uploads\/2018\/03\/Capture-d\u00e9cran-2018-03-06-19.28.36.png?resize=224%2C300&amp;ssl=1 224w\" sizes=\"(max-width: 582px) 100vw, 582px\" data-recalc-dims=\"1\" \/><\/p>\n<p>&nbsp;<\/p>\n<p>TVfil 78 \u00e9taient l\u00e0 aussi !<\/p>\n<p>\n <iframe src=\"https:\/\/www.youtube.com\/embed\/n7X18Y68O9U\" width=\"560\" height=\"315\" frameborder=\"0\" allowfullscreen=\"allowfullscreen\"><\/iframe><\/p>\n<p>&nbsp;<\/p>\n","protected":false},"excerpt":{"rendered":"<p>Le Groupe Local de Saint-Quentin-en Yvelines\/Est inaugurait son troisi\u00e8me logement le vendredi 9 f\u00e9vrier, en pr\u00e9sence d&rsquo;\u00e9lus de la municipalit\u00e9 et du Conseil d\u00e9partemental. Il s&rsquo;agit d&rsquo;un studio de 32 m2 \u00e0 Voisins-le-Bretonneux. SNL Yvelines a ainsi son 117\u00e8me logement ! Les nouvelles nous ont fait un bel article : &nbsp; TVfil 78 \u00e9taient l\u00e0 [&hellip;]<\/p>\n","protected":false},"author":2,"featured_media":0,"comment_status":"closed","ping_status":"closed","sticky":false,"template":"","format":"standard","meta":{"spay_email":"","jetpack_publicize_message":"","jetpack_is_tweetstorm":false},"categories":[18,15],"tags":[],"jetpack_featured_media_url":"","jetpack_publicize_connections":[],"jetpack_sharing_enabled":true,"jetpack_shortlink":"https:\/\/wp.me\/p8nZxF-9V","jetpack-related-posts":[{"id":1067,"url":"https:\/\/snl78.org\/index.php\/2019\/02\/15\/cabaret-ou-loto-au-menu-du-2-fevrier\/","url_meta":{"origin":615,"position":0},"title":"Cabaret ou loto au menu du 2 f\u00e9vrier","date":"15 f\u00e9vrier 2019","format":false,"excerpt":"Le cabaret SNL de Saint Nom la Bret\u00e8che et le loto de Saint Quentin Est sont vraiment devenus des institutions incontournables ! \u00a0 Tout d'abord grand succ\u00e8s pour la 5\u00e8me \u00e9dition du cabaret de Saint-Nom la Bret\u00e8che ! L\u2019espace JKM \u00e9tait comble pour cette soir\u00e9e, qui s\u2019est d\u00e9roul\u00e9e dans une\u2026","rel":"","context":"Dans &quot;Ev\u00e8nements&quot;","img":{"alt_text":"","src":"https:\/\/i1.wp.com\/snl78.org\/wp-content\/uploads\/2019\/04\/20190202_cabaretSNLB_DSC_0056.jpg?resize=350%2C200","width":350,"height":200},"classes":[]},{"id":1245,"url":"https:\/\/snl78.org\/index.php\/2022\/03\/01\/expo-vente-13-au-17-avril-2022\/","url_meta":{"origin":615,"position":1},"title":"Expo vente 13 au 17 avril 2022","date":"1 mars 2022","format":false,"excerpt":"LE GROUPE LOCAL DE SAINT QUENTIN-EST\u00a0 DE SOLIDARIT\u00c9S NOUVELLES POUR LE LOGEMENT YVELINES ( S.N.L. Yvelines) Une belle exposition-vente d\u2019\u0153uvres d\u2019art vous est propos\u00e9e par notre groupe. Situ\u00e9e \u00e0 la maison F\u00e9lix, lieu d'exposition de Montigny-le-Bretonneux, elle se d\u00e9roulera du 13 au 17 avril 2022 Venez d\u00e9couvrir des artistes locaux\u2026","rel":"","context":"Dans &quot;Ev\u00e8nements&quot;","img":{"alt_text":"","src":"","width":0,"height":0},"classes":[]},{"id":659,"url":"https:\/\/snl78.org\/index.php\/2018\/03\/20\/snl-yvelines-demenage\/","url_meta":{"origin":615,"position":2},"title":"SNL Yvelines d\u00e9m\u00e9nage","date":"20 mars 2018","format":false,"excerpt":"\u00a0 A partir du 16 avril, vous nous trouverez \u00e0 notre nouvelle adresse : Le Campus - b\u00e2timent B1 - 1er \u00e9tage 6 rue Jean-Pierre Timbaud 78180 MONTIGNY-LE-BRETONNEUX \u00a0 Fiche \"nous trouver\" \u00e0 t\u00e9l\u00e9charger\u00a0 ici *** Pour nous rejoindre en transports en commun : \u2666\u00a0\u00a0\u00a0par la gare de Saint-Quentin-en-Yvelines :\u2026","rel":"","context":"Dans &quot;information pratique&quot;","img":{"alt_text":"","src":"https:\/\/i0.wp.com\/snl78.org\/wp-content\/uploads\/2018\/03\/20180307_191832fb0306b7cd3925ca1fbb9510e6e3f241.jpg?resize=350%2C200","width":350,"height":200},"classes":[]},{"id":605,"url":"https:\/\/snl78.org\/index.php\/2018\/02\/15\/605\/","url_meta":{"origin":615,"position":3},"title":"Ateliers \"r\u00e9no-d\u00e9co-\u00e9co\", \u00e7a marche dans les Yvelines","date":"15 f\u00e9vrier 2018","format":false,"excerpt":"SNL a relanc\u00e9 des ateliers collectifs avec les locataires qui permettent de cr\u00e9er du lien entre locataires, b\u00e9n\u00e9voles et salari\u00e9s, et d'accompagner autrement. Concr\u00e8tement, il s'agit de proposer des rendez-vous de fa\u00e7on r\u00e9guli\u00e8re, toujours dans l'\u00e9coute r\u00e9ciproque et le partage de savoir-faire, mais aussi la bonne humeur et la convivialit\u00e9\u2026","rel":"","context":"Dans &quot;Ateliers&quot;","img":{"alt_text":"","src":"https:\/\/i0.wp.com\/snl78.org\/wp-content\/uploads\/2018\/03\/MEPActionCO150218_Mise-en-page-1.jpg?resize=350%2C200","width":350,"height":200},"classes":[]},{"id":743,"url":"https:\/\/snl78.org\/index.php\/2018\/02\/10\/le-cabaret-snl-une-institution-a-saint-nom-la-breteche\/","url_meta":{"origin":615,"position":4},"title":"Le cabaret SNL, une institution \u00e0 Saint-Nom-la-Bret\u00e8che !","date":"10 f\u00e9vrier 2018","format":false,"excerpt":"Apr\u00e8s les \u00e9ditions 2014, 2015 et 2016 qui se d\u00e9roulaient \u00e0 l\u2019automne, le groupe SNL de St-Nom a innov\u00e9 en 2018 en proposant son cabaret le 27 janvier. Au programme sur la sc\u00e8ne, \u00a0des musiciens, des chanteurs et un magicien, tous b\u00e9n\u00e9voles. Un spectacle de qualit\u00e9 fort appr\u00e9ci\u00e9 des spectateurs\u00a0:\u2026","rel":"","context":"Dans &quot;Ev\u00e8nements&quot;","img":{"alt_text":"","src":"https:\/\/i0.wp.com\/snl78.org\/wp-content\/uploads\/2018\/04\/IMG_0858.jpg?resize=350%2C200","width":350,"height":200},"classes":[]},{"id":1428,"url":"https:\/\/snl78.org\/index.php\/2025\/12\/29\/quand-lemballage-des-cadeaux-cree-du-lien\/","url_meta":{"origin":615,"position":5},"title":"Quand l\u2019emballage des cadeaux cr\u00e9e du lien","date":"29 d\u00e9cembre 2025","format":false,"excerpt":"Pendant deux semaines, b\u00e9n\u00e9voles et locataires de SNL Yvelines se sont relay\u00e9s au Furet du Nord pour emballer des cadeaux\u2026 et surtout pour aller \u00e0 la rencontre du public. Une op\u00e9ration solidaire, riche en \u00e9changes et en t\u00e9moignages, que nous vous invitons \u00e0 prolonger ici. Pendant 14 jours, b\u00e9n\u00e9voles, locataires\u2026","rel":"","context":"Dans &quot;Ev\u00e8nements&quot;","img":{"alt_text":"","src":"","width":0,"height":0},"classes":[]}],"_links":{"self":[{"href":"https:\/\/snl78.org\/index.php\/wp-json\/wp\/v2\/posts\/615"}],"collection":[{"href":"https:\/\/snl78.org\/index.php\/wp-json\/wp\/v2\/posts"}],"about":[{"href":"https:\/\/snl78.org\/index.php\/wp-json\/wp\/v2\/types\/post"}],"author":[{"embeddable":true,"href":"https:\/\/snl78.org\/index.php\/wp-json\/wp\/v2\/users\/2"}],"replies":[{"embeddable":true,"href":"https:\/\/snl78.org\/index.php\/wp-json\/wp\/v2\/comments?post=615"}],"version-history":[{"count":2,"href":"https:\/\/snl78.org\/index.php\/wp-json\/wp\/v2\/posts\/615\/revisions"}],"predecessor-version":[{"id":618,"href":"https:\/\/snl78.org\/index.php\/wp-json\/wp\/v2\/posts\/615\/revisions\/618"}],"wp:attachment":[{"href":"https:\/\/snl78.org\/index.php\/wp-json\/wp\/v2\/media?parent=615"}],"wp:term":[{"taxonomy":"category","embeddable":true,"href":"https:\/\/snl78.org\/index.php\/wp-json\/wp\/v2\/categories?post=615"},{"taxonomy":"post_tag","embeddable":true,"href":"https:\/\/snl78.org\/index.php\/wp-json\/wp\/v2\/tags?post=615"}],"curies":[{"name":"wp","href":"https:\/\/api.w.org\/{rel}","templated":true}]}}